{"id":4324,"date":"2026-04-23T07:15:41","date_gmt":"2026-04-23T07:15:41","guid":{"rendered":"https:\/\/www.iesbeatrizdesuabia.es\/?p=4324"},"modified":"2026-04-23T07:15:41","modified_gmt":"2026-04-23T07:15:41","slug":"jornada-de-puertas-abiertas-fp","status":"publish","type":"post","link":"https:\/\/www.iesbeatrizdesuabia.es\/?p=4324","title":{"rendered":"Jornada de Puertas Abiertas FP"},"content":{"rendered":"<p>El pr\u00f3ximo 8 de mayo celebraremos en nuestro instituto una Jornada de Puertas Abiertas de Formaci\u00f3n Profesional, dirigida al alumnado de 4\u00baESO y 2\u00baBachillerato, con el objetivo de dar a conocer la oferta formativa de FP de nuestro centro.<br \/>\nLa jornada comenzar\u00e1 con una charla informativa en la Biblioteca y, posteriormente, el alumnado realizar\u00e1 una visita a los talleres de los Departamentos de Administraci\u00f3n y Gesti\u00f3n e Imagen Personal.\u00a0\ud83d\udcbc\ud83d\udc84<\/p>\n<p>\ud83d\udd58\u00a0Turnos de asistencia:<br \/>\n\u25aa\ufe0f 09:15 h \u2013 4\u00ba ESO A, Diversificaci\u00f3n y 4\u00ba B<br \/>\n\u25aa\ufe0f 10:45 h \u2013 4\u00ba ESO C y D<br \/>\n\u25aa\ufe0f 11:45 h \u2013 2\u00ba Bachillerato<\/p>\n<p>Una gran oportunidad para conocer de cerca nuevas opciones acad\u00e9micas y profesionales. \u00a1Os esperamos!<br \/>\n<img decoding=\"async\" class=\"alignnone size-large wp-image-4325\" src=\"https:\/\/www.iesbeatrizdesuabia.es\/wp-content\/uploads\/2026\/04\/Cartel-Jornada-de-Puertas-abiertas-FP-724x1024.png\" alt=\"\" width=\"724\" height=\"1024\" srcset=\"https:\/\/www.iesbeatrizdesuabia.es\/wp-content\/uploads\/2026\/04\/Cartel-Jornada-de-Puertas-abiertas-FP-200x283.png 200w, https:\/\/www.iesbeatrizdesuabia.es\/wp-content\/uploads\/2026\/04\/Cartel-Jornada-de-Puertas-abiertas-FP-212x300.png 212w, https:\/\/www.iesbeatrizdesuabia.es\/wp-content\/uploads\/2026\/04\/Cartel-Jornada-de-Puertas-abiertas-FP-400x566.png 400w, https:\/\/www.iesbeatrizdesuabia.es\/wp-content\/uploads\/2026\/04\/Cartel-Jornada-de-Puertas-abiertas-FP-600x849.png 600w, https:\/\/www.iesbeatrizdesuabia.es\/wp-content\/uploads\/2026\/04\/Cartel-Jornada-de-Puertas-abiertas-FP-724x1024.png 724w, https:\/\/www.iesbeatrizdesuabia.es\/wp-content\/uploads\/2026\/04\/Cartel-Jornada-de-Puertas-abiertas-FP-768x1086.png 768w, https:\/\/www.iesbeatrizdesuabia.es\/wp-content\/uploads\/2026\/04\/Cartel-Jornada-de-Puertas-abiertas-FP-800x1132.png 800w, https:\/\/www.iesbeatrizdesuabia.es\/wp-content\/uploads\/2026\/04\/Cartel-Jornada-de-Puertas-abiertas-FP-1086x1536.png 1086w, https:\/\/www.iesbeatrizdesuabia.es\/wp-content\/uploads\/2026\/04\/Cartel-Jornada-de-Puertas-abiertas-FP-1200x1698.png 1200w, https:\/\/www.iesbeatrizdesuabia.es\/wp-content\/uploads\/2026\/04\/Cartel-Jornada-de-Puertas-abiertas-FP-1448x2048.png 1448w, https:\/\/www.iesbeatrizdesuabia.es\/wp-content\/uploads\/2026\/04\/Cartel-Jornada-de-Puertas-abiertas-FP.png 1587w\" sizes=\"(max-width: 724px) 100vw, 724px\" \/><\/p>\n<div class=\"pvc_clear\"><\/div>\n<p id=\"pvc_stats_4324\" class=\"pvc_stats all  \" data-element-id=\"4324\" style=\"\"><i class=\"pvc-stats-icon medium\" aria-hidden=\"true\"><svg aria-hidden=\"true\" focusable=\"false\" data-prefix=\"far\" data-icon=\"chart-bar\" role=\"img\" xmlns=\"http:\/\/www.w3.org\/2000\/svg\" viewBox=\"0 0 512 512\" class=\"svg-inline--fa fa-chart-bar fa-w-16 fa-2x\"><path fill=\"currentColor\" d=\"M396.8 352h22.4c6.4 0 12.8-6.4 12.8-12.8V108.8c0-6.4-6.4-12.8-12.8-12.8h-22.4c-6.4 0-12.8 6.4-12.8 12.8v230.4c0 6.4 6.4 12.8 12.8 12.8zm-192 0h22.4c6.4 0 12.8-6.4 12.8-12.8V140.8c0-6.4-6.4-12.8-12.8-12.8h-22.4c-6.4 0-12.8 6.4-12.8 12.8v198.4c0 6.4 6.4 12.8 12.8 12.8zm96 0h22.4c6.4 0 12.8-6.4 12.8-12.8V204.8c0-6.4-6.4-12.8-12.8-12.8h-22.4c-6.4 0-12.8 6.4-12.8 12.8v134.4c0 6.4 6.4 12.8 12.8 12.8zM496 400H48V80c0-8.84-7.16-16-16-16H16C7.16 64 0 71.16 0 80v336c0 17.67 14.33 32 32 32h464c8.84 0 16-7.16 16-16v-16c0-8.84-7.16-16-16-16zm-387.2-48h22.4c6.4 0 12.8-6.4 12.8-12.8v-70.4c0-6.4-6.4-12.8-12.8-12.8h-22.4c-6.4 0-12.8 6.4-12.8 12.8v70.4c0 6.4 6.4 12.8 12.8 12.8z\" class=\"\"><\/path><\/svg><\/i> <img decoding=\"async\" width=\"16\" height=\"16\" alt=\"Loading\" src=\"https:\/\/www.iesbeatrizdesuabia.es\/wp-content\/plugins\/page-views-count\/ajax-loader-2x.gif\" border=0 \/><\/p>\n<div class=\"pvc_clear\"><\/div>\n","protected":false},"excerpt":{"rendered":"<p>El pr\u00f3ximo 8 de mayo celebraremos en nuestro instituto una [&hellip;]<\/p>\n<div class=\"pvc_clear\"><\/div>\n<p id=\"pvc_stats_4324\" class=\"pvc_stats all  \" data-element-id=\"4324\" style=\"\"><i class=\"pvc-stats-icon medium\" aria-hidden=\"true\"><svg aria-hidden=\"true\" focusable=\"false\" data-prefix=\"far\" data-icon=\"chart-bar\" role=\"img\" xmlns=\"http:\/\/www.w3.org\/2000\/svg\" viewBox=\"0 0 512 512\" class=\"svg-inline--fa fa-chart-bar fa-w-16 fa-2x\"><path fill=\"currentColor\" d=\"M396.8 352h22.4c6.4 0 12.8-6.4 12.8-12.8V108.8c0-6.4-6.4-12.8-12.8-12.8h-22.4c-6.4 0-12.8 6.4-12.8 12.8v230.4c0 6.4 6.4 12.8 12.8 12.8zm-192 0h22.4c6.4 0 12.8-6.4 12.8-12.8V140.8c0-6.4-6.4-12.8-12.8-12.8h-22.4c-6.4 0-12.8 6.4-12.8 12.8v198.4c0 6.4 6.4 12.8 12.8 12.8zm96 0h22.4c6.4 0 12.8-6.4 12.8-12.8V204.8c0-6.4-6.4-12.8-12.8-12.8h-22.4c-6.4 0-12.8 6.4-12.8 12.8v134.4c0 6.4 6.4 12.8 12.8 12.8zM496 400H48V80c0-8.84-7.16-16-16-16H16C7.16 64 0 71.16 0 80v336c0 17.67 14.33 32 32 32h464c8.84 0 16-7.16 16-16v-16c0-8.84-7.16-16-16-16zm-387.2-48h22.4c6.4 0 12.8-6.4 12.8-12.8v-70.4c0-6.4-6.4-12.8-12.8-12.8h-22.4c-6.4 0-12.8 6.4-12.8 12.8v70.4c0 6.4 6.4 12.8 12.8 12.8z\" class=\"\"><\/path><\/svg><\/i> <img decoding=\"async\" width=\"16\" height=\"16\" alt=\"Loading\" src=\"https:\/\/www.iesbeatrizdesuabia.es\/wp-content\/plugins\/page-views-count\/ajax-loader-2x.gif\" border=0 \/><\/p>\n<div class=\"pvc_clear\"><\/div>\n","protected":false},"author":1,"featured_media":4325,"comment_status":"open","ping_status":"open","sticky":false,"template":"","format":"standard","meta":{"footnotes":""},"categories":[44],"tags":[],"class_list":["post-4324","post","type-post","status-publish","format-standard","has-post-thumbnail","hentry","category-ultimas-noticias"],"_links":{"self":[{"href":"https:\/\/www.iesbeatrizdesuabia.es\/index.php?rest_route=\/wp\/v2\/posts\/4324","targetHints":{"allow":["GET"]}}],"collection":[{"href":"https:\/\/www.iesbeatrizdesuabia.es\/index.php?rest_route=\/wp\/v2\/posts"}],"about":[{"href":"https:\/\/www.iesbeatrizdesuabia.es\/index.php?rest_route=\/wp\/v2\/types\/post"}],"author":[{"embeddable":true,"href":"https:\/\/www.iesbeatrizdesuabia.es\/index.php?rest_route=\/wp\/v2\/users\/1"}],"replies":[{"embeddable":true,"href":"https:\/\/www.iesbeatrizdesuabia.es\/index.php?rest_route=%2Fwp%2Fv2%2Fcomments&post=4324"}],"version-history":[{"count":1,"href":"https:\/\/www.iesbeatrizdesuabia.es\/index.php?rest_route=\/wp\/v2\/posts\/4324\/revisions"}],"predecessor-version":[{"id":4326,"href":"https:\/\/www.iesbeatrizdesuabia.es\/index.php?rest_route=\/wp\/v2\/posts\/4324\/revisions\/4326"}],"wp:featuredmedia":[{"embeddable":true,"href":"https:\/\/www.iesbeatrizdesuabia.es\/index.php?rest_route=\/wp\/v2\/media\/4325"}],"wp:attachment":[{"href":"https:\/\/www.iesbeatrizdesuabia.es\/index.php?rest_route=%2Fwp%2Fv2%2Fmedia&parent=4324"}],"wp:term":[{"taxonomy":"category","embeddable":true,"href":"https:\/\/www.iesbeatrizdesuabia.es\/index.php?rest_route=%2Fwp%2Fv2%2Fcategories&post=4324"},{"taxonomy":"post_tag","embeddable":true,"href":"https:\/\/www.iesbeatrizdesuabia.es\/index.php?rest_route=%2Fwp%2Fv2%2Ftags&post=4324"}],"curies":[{"name":"wp","href":"https:\/\/api.w.org\/{rel}","templated":true}]}}